{"id":3384,"count":0,"description":"Se\u00e7\u00e3o Atem\u00f3ia RJ.","link":"https:\/\/precota.com.br\/agro\/categoria\/ceasa\/ceasa-rio-de-janeiro\/atemo-rj\/","name":"Atem\u00f3ia RJ","slug":"atemo-rj","taxonomy":"category","parent":2918,"meta":[],"_links":{"self":[{"href":"https:\/\/precota.com.br\/agro\/wp-json\/wp\/v2\/categories\/3384","targetHints":{"allow":["GET"]}}],"collection":[{"href":"https:\/\/precota.com.br\/agro\/wp-json\/wp\/v2\/categories"}],"about":[{"href":"https:\/\/precota.com.br\/agro\/wp-json\/wp\/v2\/taxonomies\/category"}],"up":[{"embeddable":true,"href":"https:\/\/precota.com.br\/agro\/wp-json\/wp\/v2\/categories\/2918"}],"wp:post_type":[{"href":"https:\/\/precota.com.br\/agro\/wp-json\/wp\/v2\/posts?categories=3384"}],"curies":[{"name":"wp","href":"https:\/\/api.w.org\/{rel}","templated":true}]}}